{"id":4172,"date":"2024-07-03T16:49:33","date_gmt":"2024-07-03T14:49:33","guid":{"rendered":"https:\/\/www.clemencevillechange.com\/createur\/?p=4172"},"modified":"2024-07-03T17:01:41","modified_gmt":"2024-07-03T15:01:41","slug":"marche-des-fiertes-lgbt-2024","status":"publish","type":"post","link":"https:\/\/www.clemencevillechange.com\/createur\/marche-des-fiertes-lgbt-2024\/","title":{"rendered":"Marche des Fiert\u00e9s LGBT+ 2024"},"content":{"rendered":"\t\t<div data-elementor-type=\"wp-post\" data-elementor-id=\"4172\" class=\"elementor elementor-4172\" data-elementor-post-type=\"post\">\n\t\t\t\t\t\t<section class=\"elementor-section elementor-top-section elementor-element elementor-element-5e547002 elementor-section-full_width elementor-section-stretched elementor-section-height-default elementor-section-height-default\" data-id=\"5e547002\" data-element_type=\"section\" data-e-type=\"section\" data-settings=\"{&quot;stretch_section&quot;:&quot;section-stretched&quot;,&quot;background_background&quot;:&quot;classic&quot;}\">\n\t\t\t\t\t\t<div class=\"elementor-container elementor-column-gap-no\">\n\t\t\t\t\t<div class=\"elementor-column elementor-col-100 elementor-top-column elementor-element elementor-element-5c2ec096\" data-id=\"5c2ec096\" data-element_type=\"column\" data-e-type=\"column\">\n\t\t\t<div class=\"elementor-widget-wrap elementor-element-populated\">\n\t\t\t\t\t\t<div class=\"elementor-element elementor-element-396d1e0b elementor-widget elementor-widget-heading\" data-id=\"396d1e0b\" data-element_type=\"widget\" data-e-type=\"widget\" data-widget_type=\"heading.default\">\n\t\t\t\t<div class=\"elementor-widget-container\">\n\t\t\t\t\t<h1 class=\"elementor-heading-title elementor-size-xl\">Collection Maligny<\/h1>\t\t\t\t<\/div>\n\t\t\t\t<\/div>\n\t\t\t\t<div class=\"elementor-element elementor-element-1d50dd30 elementor-widget elementor-widget-global elementor-global-1030 elementor-widget-heading\" data-id=\"1d50dd30\" data-element_type=\"widget\" data-e-type=\"widget\" data-widget_type=\"heading.default\">\n\t\t\t\t<div class=\"elementor-widget-container\">\n\t\t\t\t\t<h2 class=\"elementor-heading-title elementor-size-large\">Marche des Fiert\u00e9s LGBT+ 2024<\/h2>\t\t\t\t<\/div>\n\t\t\t\t<\/div>\n\t\t\t\t<div class=\"elementor-element elementor-element-70c0605 elementor-hidden-phone elementor-widget elementor-widget-image\" data-id=\"70c0605\" data-element_type=\"widget\" data-e-type=\"widget\" data-widget_type=\"image.default\">\n\t\t\t\t<div class=\"elementor-widget-container\">\n\t\t\t\t\t\t\t\t\t\t\t\t<figure class=\"wp-caption\">\n\t\t\t\t\t\t\t\t\t\t<img fetchpriority=\"high\" decoding=\"async\" width=\"540\" height=\"222\" src=\"https:\/\/www.clemencevillechange.com\/createur\/wp-content\/uploads\/2024\/07\/cvp-philippe-hardy-marche-liberte-2024-paris-bandeau.jpg\" class=\"attachment-full size-full wp-image-4176\" alt=\"\" srcset=\"https:\/\/www.clemencevillechange.com\/createur\/wp-content\/uploads\/2024\/07\/cvp-philippe-hardy-marche-liberte-2024-paris-bandeau.jpg 540w, https:\/\/www.clemencevillechange.com\/createur\/wp-content\/uploads\/2024\/07\/cvp-philippe-hardy-marche-liberte-2024-paris-bandeau-300x123.jpg 300w\" sizes=\"100vw\" \/>\t\t\t\t\t\t\t\t\t\t\t<figcaption class=\"widget-image-caption wp-caption-text\">@hardy_philippe<\/figcaption>\n\t\t\t\t\t\t\t\t\t\t<\/figure>\n\t\t\t\t\t\t\t\t\t<\/div>\n\t\t\t\t<\/div>\n\t\t\t\t\t<\/div>\n\t\t<\/div>\n\t\t\t\t\t<\/div>\n\t\t<\/section>\n\t\t\t\t<section class=\"elementor-section elementor-top-section elementor-element elementor-element-5af914a2 elementor-section-boxed elementor-section-height-default elementor-section-height-default\" data-id=\"5af914a2\" data-element_type=\"section\" data-e-type=\"section\">\n\t\t\t\t\t\t<div class=\"elementor-container elementor-column-gap-default\">\n\t\t\t\t\t<div class=\"elementor-column elementor-col-100 elementor-top-column elementor-element elementor-element-1ba8eee7\" data-id=\"1ba8eee7\" data-element_type=\"column\" data-e-type=\"column\">\n\t\t\t<div class=\"elementor-widget-wrap elementor-element-populated\">\n\t\t\t\t\t\t<div class=\"elementor-element elementor-element-2e0e4a65 elementor-widget elementor-widget-text-editor\" data-id=\"2e0e4a65\" data-element_type=\"widget\" data-e-type=\"widget\" data-widget_type=\"text-editor.default\">\n\t\t\t\t<div class=\"elementor-widget-container\">\n\t\t\t\t\t\t\t\t\t<section class=\"elementor-section elementor-top-section elementor-element elementor-element-cbac26f elementor-section-boxed elementor-section-height-default elementor-section-height-default\" data-id=\"cbac26f\" data-element_type=\"section\"><div class=\"elementor-container elementor-column-gap-default\"><div class=\"elementor-row\"><div class=\"elementor-column elementor-col-100 elementor-top-column elementor-element elementor-element-3ac770a\" data-id=\"3ac770a\" data-element_type=\"column\"><div class=\"elementor-column-wrap elementor-element-populated\"><div class=\"elementor-widget-wrap\"><div class=\"elementor-element elementor-element-6fef39b elementor-widget elementor-widget-text-editor\" data-id=\"6fef39b\" data-element_type=\"widget\" data-widget_type=\"text-editor.default\"><div class=\"elementor-widget-container\"><div class=\"elementor-text-editor elementor-clearfix\"><h2><strong>\u00c9clat et Fiert\u00e9 : Quand T\u00e9o Flash Original Illumine la Gay Pride de Paris.<\/strong><\/h2><\/div><\/div><\/div><\/div><\/div><\/div><\/div><\/div><\/section>\t\t\t\t\t\t\t\t<\/div>\n\t\t\t\t<\/div>\n\t\t\t\t\t<\/div>\n\t\t<\/div>\n\t\t\t\t\t<\/div>\n\t\t<\/section>\n\t\t\t\t<section class=\"elementor-section elementor-top-section elementor-element elementor-element-7dc0b279 elementor-section-boxed elementor-section-height-default elementor-section-height-default\" data-id=\"7dc0b279\" data-element_type=\"section\" data-e-type=\"section\">\n\t\t\t\t\t\t<div class=\"elementor-container elementor-column-gap-default\">\n\t\t\t\t\t<div class=\"elementor-column elementor-col-50 elementor-top-column elementor-element elementor-element-572b018a\" data-id=\"572b018a\" data-element_type=\"column\" data-e-type=\"column\">\n\t\t\t<div class=\"elementor-widget-wrap elementor-element-populated\">\n\t\t\t\t\t\t<div class=\"elementor-element elementor-element-1346d856 elementor-widget elementor-widget-image\" data-id=\"1346d856\" data-element_type=\"widget\" data-e-type=\"widget\" data-widget_type=\"image.default\">\n\t\t\t\t<div class=\"elementor-widget-container\">\n\t\t\t\t\t\t\t\t\t\t\t\t\t\t\t<img decoding=\"async\" width=\"525\" height=\"839\" src=\"https:\/\/www.clemencevillechange.com\/createur\/wp-content\/uploads\/2024\/07\/cvp-teo-flashoriginal-marche-liberte-costume-2024.jpg\" class=\"attachment-large size-large wp-image-4180\" alt=\"\" srcset=\"https:\/\/www.clemencevillechange.com\/createur\/wp-content\/uploads\/2024\/07\/cvp-teo-flashoriginal-marche-liberte-costume-2024.jpg 562w, https:\/\/www.clemencevillechange.com\/createur\/wp-content\/uploads\/2024\/07\/cvp-teo-flashoriginal-marche-liberte-costume-2024-188x300.jpg 188w\" sizes=\"100vw\" \/>\t\t\t\t\t\t\t\t\t\t\t\t\t\t\t<\/div>\n\t\t\t\t<\/div>\n\t\t\t\t\t<\/div>\n\t\t<\/div>\n\t\t\t\t<div class=\"elementor-column elementor-col-50 elementor-top-column elementor-element elementor-element-413c39e6\" data-id=\"413c39e6\" data-element_type=\"column\" data-e-type=\"column\">\n\t\t\t<div class=\"elementor-widget-wrap elementor-element-populated\">\n\t\t\t\t\t\t<div class=\"elementor-element elementor-element-338ead42 elementor-widget elementor-widget-text-editor\" data-id=\"338ead42\" data-element_type=\"widget\" data-e-type=\"widget\" data-widget_type=\"text-editor.default\">\n\t\t\t\t<div class=\"elementor-widget-container\">\n\t\t\t\t\t\t\t\t\t<p>Le 29 juin 2024, la Gay Pride de Paris a \u00e9t\u00e9 un \u00e9v\u00e9nement m\u00e9morable, d\u00e9bordant de couleurs, de fiert\u00e9 et de cr\u00e9ativit\u00e9. Parmi les nombreuses personnalit\u00e9s pr\u00e9sentes, T\u00e9o Flash Original s&rsquo;est particuli\u00e8rement distingu\u00e9 avec une tenue flamboyante qui a captiv\u00e9 tous les regards. C&rsquo;est avec une grande joie que nous avons collabor\u00e9 ensemble pour cr\u00e9er des accessoires uniques, parfaitement en harmonie avec son costume aux couleurs du drapeau LGBT+.<\/p><p><strong>Une Collaboration Cr\u00e9ative et Inspirante<\/strong><\/p><p>T\u00e9o m&rsquo;a contact\u00e9 via Instagram pour me montrer son avatar et discuter de ce qui pourrait compl\u00e9ter sa tenue parmi mes cr\u00e9ations pr\u00e9c\u00e9dentes. Son costume, aux couleurs vibrantes et audacieuses du drapeau LGBT+, n\u00e9cessitait des accessoires qui non seulement s&rsquo;harmonisaient avec ces teintes \u00e9clatantes, mais qui ajoutaient \u00e9galement une touche de magie et de personnalit\u00e9.<\/p><p><strong>Des Ailes de Papillon aux Couleurs de la Fiert\u00e9<\/strong><\/p><p>Pour r\u00e9pondre \u00e0 cette demande, j&rsquo;ai d\u00e9cid\u00e9 de confectionner des ailes de papillon en utilisant un drapeau LGBT+ que j&rsquo;avais en ma possession. Ces ailes, symbolisant \u00e0 la fois la transformation et la libert\u00e9, \u00e9taient parfaites pour c\u00e9l\u00e9brer la diversit\u00e9 et l&rsquo;inclusivit\u00e9 de cet \u00e9v\u00e9nement. Les ailes de papillon ont apport\u00e9 une dimension po\u00e9tique et majestueuse \u00e0 l&rsquo;ensemble, faisant de T\u00e9o une figure embl\u00e9matique de la parade.<\/p>\t\t\t\t\t\t\t\t<\/div>\n\t\t\t\t<\/div>\n\t\t\t\t\t<\/div>\n\t\t<\/div>\n\t\t\t\t\t<\/div>\n\t\t<\/section>\n\t\t\t\t<section class=\"elementor-section elementor-top-section elementor-element elementor-element-6e8e6e5 elementor-section-boxed elementor-section-height-default elementor-section-height-default\" data-id=\"6e8e6e5\" data-element_type=\"section\" data-e-type=\"section\" data-settings=\"{&quot;background_background&quot;:&quot;classic&quot;}\">\n\t\t\t\t\t\t<div class=\"elementor-container elementor-column-gap-default\">\n\t\t\t\t\t<div class=\"elementor-column elementor-col-50 elementor-top-column elementor-element elementor-element-ffcbb98\" data-id=\"ffcbb98\" data-element_type=\"column\" data-e-type=\"column\">\n\t\t\t<div class=\"elementor-widget-wrap elementor-element-populated\">\n\t\t\t\t\t\t<div class=\"elementor-element elementor-element-6aa610e elementor-widget elementor-widget-text-editor\" data-id=\"6aa610e\" data-element_type=\"widget\" data-e-type=\"widget\" data-widget_type=\"text-editor.default\">\n\t\t\t\t<div class=\"elementor-widget-container\">\n\t\t\t\t\t\t\t\t\t<p><strong>Des Ailes de Papillon aux Couleurs de la Fiert\u00e9<\/strong><\/p><p>Pour r\u00e9pondre \u00e0 cette demande, j&rsquo;ai d\u00e9cid\u00e9 de confectionner des ailes de papillon en utilisant un drapeau LGBT+ que j&rsquo;avais en ma possession. Ces ailes, symbolisant \u00e0 la fois la transformation et la libert\u00e9, \u00e9taient parfaites pour c\u00e9l\u00e9brer la diversit\u00e9 et l&rsquo;inclusivit\u00e9 de cet \u00e9v\u00e9nement. Les ailes de papillon ont apport\u00e9 une dimension po\u00e9tique et majestueuse \u00e0 l&rsquo;ensemble, faisant de T\u00e9o une figure embl\u00e9matique de la parade.<\/p><p><strong>Une Coiffe Dent de Lion en Forme de C\u0153ur<\/strong><\/p><p>Pour couronner cette tenue exceptionnelle, j&rsquo;ai ajout\u00e9 une coiffe dent de lion en forme de c\u0153ur. Ce bijou corporel, avec sa symbolique de force et de r\u00e9silience, \u00e9tait id\u00e9al pour compl\u00e9ter l&rsquo;allure de T\u00e9o. La forme de c\u0153ur repr\u00e9sentait l&rsquo;amour et l&rsquo;acceptation, des valeurs essentielles au c\u0153ur de la Gay Pride.<\/p><p><strong>Une Exp\u00e9rience Unique<\/strong><\/p><p>Collaborer avec T\u00e9o Flash Original a \u00e9t\u00e9 une exp\u00e9rience enrichissante et inspirante. Son enthousiasme et sa vision ont permis de cr\u00e9er une tenue non seulement spectaculaire, mais aussi profond\u00e9ment significative. Cette cr\u00e9ation unique a non seulement illumin\u00e9 la Gay Pride de Paris, mais elle a \u00e9galement \u00e9t\u00e9 un t\u00e9moignage vibrant de notre engagement envers la communaut\u00e9 LGBT+ et de ma passion pour la cr\u00e9ation de bijoux corporels et de stylisme.<\/p>\t\t\t\t\t\t\t\t<\/div>\n\t\t\t\t<\/div>\n\t\t\t\t\t<\/div>\n\t\t<\/div>\n\t\t\t\t<div class=\"elementor-column elementor-col-50 elementor-top-column elementor-element elementor-element-6dd9ccd\" data-id=\"6dd9ccd\" data-element_type=\"column\" data-e-type=\"column\">\n\t\t\t<div class=\"elementor-widget-wrap elementor-element-populated\">\n\t\t\t\t\t\t<div class=\"elementor-element elementor-element-c7266a8 elementor-widget elementor-widget-image\" data-id=\"c7266a8\" data-element_type=\"widget\" data-e-type=\"widget\" data-widget_type=\"image.default\">\n\t\t\t\t<div class=\"elementor-widget-container\">\n\t\t\t\t\t\t\t\t\t\t\t\t\t\t\t<img decoding=\"async\" width=\"525\" height=\"930\" src=\"https:\/\/www.clemencevillechange.com\/createur\/wp-content\/uploads\/2024\/07\/cvp-story-marche-liberte-2024-coiffe-ailes-pride-578x1024.jpg\" class=\"attachment-large size-large wp-image-4178\" alt=\"\" srcset=\"https:\/\/www.clemencevillechange.com\/createur\/wp-content\/uploads\/2024\/07\/cvp-story-marche-liberte-2024-coiffe-ailes-pride-578x1024.jpg 578w, https:\/\/www.clemencevillechange.com\/createur\/wp-content\/uploads\/2024\/07\/cvp-story-marche-liberte-2024-coiffe-ailes-pride-169x300.jpg 169w, https:\/\/www.clemencevillechange.com\/createur\/wp-content\/uploads\/2024\/07\/cvp-story-marche-liberte-2024-coiffe-ailes-pride-768x1360.jpg 768w, https:\/\/www.clemencevillechange.com\/createur\/wp-content\/uploads\/2024\/07\/cvp-story-marche-liberte-2024-coiffe-ailes-pride-867x1536.jpg 867w, https:\/\/www.clemencevillechange.com\/createur\/wp-content\/uploads\/2024\/07\/cvp-story-marche-liberte-2024-coiffe-ailes-pride.jpg 1125w\" sizes=\"100vw\" \/>\t\t\t\t\t\t\t\t\t\t\t\t\t\t\t<\/div>\n\t\t\t\t<\/div>\n\t\t\t\t\t<\/div>\n\t\t<\/div>\n\t\t\t\t\t<\/div>\n\t\t<\/section>\n\t\t\t\t<section class=\"elementor-section elementor-top-section elementor-element elementor-element-a977a4d elementor-section-boxed elementor-section-height-default elementor-section-height-default\" data-id=\"a977a4d\" data-element_type=\"section\" data-e-type=\"section\">\n\t\t\t\t\t\t<div class=\"elementor-container elementor-column-gap-default\">\n\t\t\t\t\t<div class=\"elementor-column elementor-col-100 elementor-top-column elementor-element elementor-element-f82492f\" data-id=\"f82492f\" data-element_type=\"column\" data-e-type=\"column\">\n\t\t\t<div class=\"elementor-widget-wrap elementor-element-populated\">\n\t\t\t\t\t\t<div class=\"elementor-element elementor-element-84471d9 elementor-widget elementor-widget-text-editor\" data-id=\"84471d9\" data-element_type=\"widget\" data-e-type=\"widget\" data-widget_type=\"text-editor.default\">\n\t\t\t\t<div class=\"elementor-widget-container\">\n\t\t\t\t\t\t\t\t\t<p><strong>D\u00e9couvrez Nos Cr\u00e9ations<\/strong><\/p><p>Si vous souhaitez explorer mes cr\u00e9ations et trouver l&rsquo;accessoire parfait pour vos \u00e9v\u00e9nements, rendez-vous sur mon site. Que vous cherchiez quelque chose de discret ou de spectaculaire, j&rsquo;ai une gamme vari\u00e9e de bijoux corporels et d&rsquo;accessoires de stylisme qui sauront r\u00e9pondre \u00e0 vos attentes. Chaque pi\u00e8ce est con\u00e7ue avec amour et souci du d\u00e9tail, pour vous offrir des cr\u00e9ations uniques et personnalis\u00e9es.<\/p><p>Rejoignez-moi dans cette aventure cr\u00e9ative et exprimez-vous avec des bijoux uniques qui racontent votre histoire !<\/p><p>Ensemble, c\u00e9l\u00e9brons la diversit\u00e9, l&rsquo;amour et l&rsquo;art de la mode !<\/p>\t\t\t\t\t\t\t\t<\/div>\n\t\t\t\t<\/div>\n\t\t\t\t\t<\/div>\n\t\t<\/div>\n\t\t\t\t\t<\/div>\n\t\t<\/section>\n\t\t\t\t<section class=\"elementor-section elementor-top-section elementor-element elementor-element-715d803c elementor-section-boxed elementor-section-height-default elementor-section-height-default\" data-id=\"715d803c\" data-element_type=\"section\" data-e-type=\"section\">\n\t\t\t\t\t\t<div class=\"elementor-container elementor-column-gap-default\">\n\t\t\t\t\t<div class=\"elementor-column elementor-col-100 elementor-top-column elementor-element elementor-element-1c19848b\" data-id=\"1c19848b\" data-element_type=\"column\" data-e-type=\"column\">\n\t\t\t<div class=\"elementor-widget-wrap elementor-element-populated\">\n\t\t\t\t\t\t<div class=\"elementor-element elementor-element-3796ec28 elementor-widget elementor-widget-gallery\" data-id=\"3796ec28\" data-element_type=\"widget\" data-e-type=\"widget\" data-settings=\"{&quot;columns&quot;:3,&quot;aspect_ratio&quot;:&quot;9:16&quot;,&quot;gallery_layout&quot;:&quot;grid&quot;,&quot;columns_tablet&quot;:2,&quot;columns_mobile&quot;:1,&quot;gap&quot;:{&quot;unit&quot;:&quot;px&quot;,&quot;size&quot;:10,&quot;sizes&quot;:[]},&quot;gap_tablet&quot;:{&quot;unit&quot;:&quot;px&quot;,&quot;size&quot;:10,&quot;sizes&quot;:[]},&quot;gap_mobile&quot;:{&quot;unit&quot;:&quot;px&quot;,&quot;size&quot;:10,&quot;sizes&quot;:[]},&quot;link_to&quot;:&quot;file&quot;,&quot;overlay_background&quot;:&quot;yes&quot;,&quot;content_hover_animation&quot;:&quot;fade-in&quot;}\" data-widget_type=\"gallery.default\">\n\t\t\t\t<div class=\"elementor-widget-container\">\n\t\t\t\t\t\t\t<div class=\"elementor-gallery__container\">\n\t\t\t\t\t\t\t<a class=\"e-gallery-item elementor-gallery-item elementor-animated-content\" href=\"https:\/\/www.clemencevillechange.com\/createur\/wp-content\/uploads\/2024\/07\/cvp-teo-flashoriginal-marche-liberte-costume-2024.jpg\" data-elementor-open-lightbox=\"yes\" data-elementor-lightbox-slideshow=\"3796ec28\" data-elementor-lightbox-title=\"Screenshot\" data-e-action-hash=\"#elementor-action%3Aaction%3Dlightbox%26settings%3DeyJpZCI6NDE4MCwidXJsIjoiaHR0cHM6XC9cL3d3dy5jbGVtZW5jZXZpbGxlY2hhbmdlLmNvbVwvY3JlYXRldXJcL3dwLWNvbnRlbnRcL3VwbG9hZHNcLzIwMjRcLzA3XC9jdnAtdGVvLWZsYXNob3JpZ2luYWwtbWFyY2hlLWxpYmVydGUtY29zdHVtZS0yMDI0LmpwZyIsInNsaWRlc2hvdyI6IjM3OTZlYzI4In0%3D\">\n\t\t\t\t\t<div class=\"e-gallery-image elementor-gallery-item__image\" data-thumbnail=\"https:\/\/www.clemencevillechange.com\/createur\/wp-content\/uploads\/2024\/07\/cvp-teo-flashoriginal-marche-liberte-costume-2024.jpg\" data-width=\"562\" data-height=\"898\" aria-label=\"\" role=\"img\" ><\/div>\n\t\t\t\t\t\t\t\t\t\t\t<div class=\"elementor-gallery-item__overlay\"><\/div>\n\t\t\t\t\t\t\t\t\t\t\t\t\t\t<\/a>\n\t\t\t\t\t\t\t<a class=\"e-gallery-item elementor-gallery-item elementor-animated-content\" href=\"https:\/\/www.clemencevillechange.com\/createur\/wp-content\/uploads\/2024\/07\/cvp-teo-flashoriginal-marche-liberte-ailes-coiffe-2024.jpg\" data-elementor-open-lightbox=\"yes\" data-elementor-lightbox-slideshow=\"3796ec28\" data-elementor-lightbox-title=\"Screenshot\" data-e-action-hash=\"#elementor-action%3Aaction%3Dlightbox%26settings%3DeyJpZCI6NDE3OSwidXJsIjoiaHR0cHM6XC9cL3d3dy5jbGVtZW5jZXZpbGxlY2hhbmdlLmNvbVwvY3JlYXRldXJcL3dwLWNvbnRlbnRcL3VwbG9hZHNcLzIwMjRcLzA3XC9jdnAtdGVvLWZsYXNob3JpZ2luYWwtbWFyY2hlLWxpYmVydGUtYWlsZXMtY29pZmZlLTIwMjQuanBnIiwic2xpZGVzaG93IjoiMzc5NmVjMjgifQ%3D%3D\">\n\t\t\t\t\t<div class=\"e-gallery-image elementor-gallery-item__image\" data-thumbnail=\"https:\/\/www.clemencevillechange.com\/createur\/wp-content\/uploads\/2024\/07\/cvp-teo-flashoriginal-marche-liberte-ailes-coiffe-2024.jpg\" data-width=\"562\" data-height=\"904\" aria-label=\"\" role=\"img\" ><\/div>\n\t\t\t\t\t\t\t\t\t\t\t<div class=\"elementor-gallery-item__overlay\"><\/div>\n\t\t\t\t\t\t\t\t\t\t\t\t\t\t<\/a>\n\t\t\t\t\t\t\t<a class=\"e-gallery-item elementor-gallery-item elementor-animated-content\" href=\"https:\/\/www.clemencevillechange.com\/createur\/wp-content\/uploads\/2024\/07\/cvp-teo-flashoriginal-reels-marche-liberte-ailes-coiffe-2024.jpg\" data-elementor-open-lightbox=\"yes\" data-elementor-lightbox-slideshow=\"3796ec28\" data-elementor-lightbox-title=\"Screenshot\" data-e-action-hash=\"#elementor-action%3Aaction%3Dlightbox%26settings%3DeyJpZCI6NDE4MSwidXJsIjoiaHR0cHM6XC9cL3d3dy5jbGVtZW5jZXZpbGxlY2hhbmdlLmNvbVwvY3JlYXRldXJcL3dwLWNvbnRlbnRcL3VwbG9hZHNcLzIwMjRcLzA3XC9jdnAtdGVvLWZsYXNob3JpZ2luYWwtcmVlbHMtbWFyY2hlLWxpYmVydGUtYWlsZXMtY29pZmZlLTIwMjQuanBnIiwic2xpZGVzaG93IjoiMzc5NmVjMjgifQ%3D%3D\">\n\t\t\t\t\t<div class=\"e-gallery-image elementor-gallery-item__image\" data-thumbnail=\"https:\/\/www.clemencevillechange.com\/createur\/wp-content\/uploads\/2024\/07\/cvp-teo-flashoriginal-reels-marche-liberte-ailes-coiffe-2024.jpg\" data-width=\"562\" data-height=\"944\" aria-label=\"\" role=\"img\" ><\/div>\n\t\t\t\t\t\t\t\t\t\t\t<div class=\"elementor-gallery-item__overlay\"><\/div>\n\t\t\t\t\t\t\t\t\t\t\t\t\t\t<\/a>\n\t\t\t\t\t<\/div>\n\t\t\t\t\t<\/div>\n\t\t\t\t<\/div>\n\t\t\t\t\t<\/div>\n\t\t<\/div>\n\t\t\t\t\t<\/div>\n\t\t<\/section>\n\t\t\t\t<section class=\"elementor-section elementor-top-section elementor-element elementor-element-7d638217 elementor-section-boxed elementor-section-height-default elementor-section-height-default\" data-id=\"7d638217\" data-element_type=\"section\" data-e-type=\"section\">\n\t\t\t\t\t\t<div class=\"elementor-container elementor-column-gap-default\">\n\t\t\t\t\t<div class=\"elementor-column elementor-col-100 elementor-top-column elementor-element elementor-element-15078967\" data-id=\"15078967\" data-element_type=\"column\" data-e-type=\"column\">\n\t\t\t<div class=\"elementor-widget-wrap elementor-element-populated\">\n\t\t\t\t\t\t<div class=\"elementor-element elementor-element-e15ee2 elementor-widget elementor-widget-spacer\" data-id=\"e15ee2\" data-element_type=\"widget\" data-e-type=\"widget\" data-widget_type=\"spacer.default\">\n\t\t\t\t<div class=\"elementor-widget-container\">\n\t\t\t\t\t\t\t<div class=\"elementor-spacer\">\n\t\t\t<div class=\"elementor-spacer-inner\"><\/div>\n\t\t<\/div>\n\t\t\t\t\t\t<\/div>\n\t\t\t\t<\/div>\n\t\t\t\t\t<\/div>\n\t\t<\/div>\n\t\t\t\t\t<\/div>\n\t\t<\/section>\n\t\t\t\t<section class=\"elementor-section elementor-top-section elementor-element elementor-element-474e1d8 elementor-section-boxed elementor-section-height-default elementor-section-height-default\" data-id=\"474e1d8\" data-element_type=\"section\" data-e-type=\"section\">\n\t\t\t\t\t\t<div class=\"elementor-container elementor-column-gap-default\">\n\t\t\t\t\t<div class=\"elementor-column elementor-col-100 elementor-top-column elementor-element elementor-element-6b54fe26\" data-id=\"6b54fe26\" data-element_type=\"column\" data-e-type=\"column\">\n\t\t\t<div class=\"elementor-widget-wrap elementor-element-populated\">\n\t\t\t\t\t\t<div class=\"elementor-element elementor-element-50725ac1 elementor-post-navigation-borders-yes elementor-widget elementor-widget-post-navigation\" data-id=\"50725ac1\" data-element_type=\"widget\" data-e-type=\"widget\" data-widget_type=\"post-navigation.default\">\n\t\t\t\t<div class=\"elementor-widget-container\">\n\t\t\t\t\t\t\t<div class=\"elementor-post-navigation\" role=\"navigation\" aria-label=\"Navigation de publication\">\n\t\t\t<div class=\"elementor-post-navigation__prev elementor-post-navigation__link\">\n\t\t\t\t<a href=\"https:\/\/www.clemencevillechange.com\/createur\/isia-marie\/\" rel=\"prev\"><span class=\"post-navigation__arrow-wrapper post-navigation__arrow-prev\"><i aria-hidden=\"true\" class=\"fas fa-long-arrow-left\"><\/i><span class=\"elementor-screen-only\">Pr\u00e9c\u00e9dent<\/span><\/span><span class=\"elementor-post-navigation__link__prev\"><span class=\"post-navigation__prev--label\">Pr\u00e9c\u00e9dent<\/span><span class=\"post-navigation__prev--title\">Isia Marie<\/span><\/span><\/a>\t\t\t<\/div>\n\t\t\t\t\t\t\t<div class=\"elementor-post-navigation__separator-wrapper\">\n\t\t\t\t\t<div class=\"elementor-post-navigation__separator\"><\/div>\n\t\t\t\t<\/div>\n\t\t\t\t\t\t<div class=\"elementor-post-navigation__next elementor-post-navigation__link\">\n\t\t\t\t\t\t\t<\/div>\n\t\t<\/div>\n\t\t\t\t\t\t<\/div>\n\t\t\t\t<\/div>\n\t\t\t\t\t<\/div>\n\t\t<\/div>\n\t\t\t\t\t<\/div>\n\t\t<\/section>\n\t\t\t\t<\/div>\n\t\t","protected":false},"excerpt":{"rendered":"<p>Collection Maligny @hardy_philippe \u00c9clat et Fiert\u00e9 : Quand T\u00e9o Flash Original Illumine la Gay Pride de Paris. Le 29 juin 2024, la Gay Pride de Paris a \u00e9t\u00e9 un \u00e9v\u00e9nement m\u00e9morable, d\u00e9bordant de couleurs, de fiert\u00e9 et de cr\u00e9ativit\u00e9. Parmi les nombreuses personnalit\u00e9s pr\u00e9sentes, T\u00e9o Flash Original s&rsquo;est particuli\u00e8rement distingu\u00e9 avec une tenue flamboyante qui &hellip; <\/p>\n<p class=\"link-more\"><a href=\"https:\/\/www.clemencevillechange.com\/createur\/marche-des-fiertes-lgbt-2024\/\" class=\"more-link\">Continuer la lecture<span class=\"screen-reader-text\"> de &laquo;&nbsp;Marche des Fiert\u00e9s LGBT+ 2024&nbsp;&raquo;<\/span><\/a><\/p>\n","protected":false},"author":1,"featured_media":4173,"comment_status":"closed","ping_status":"closed","sticky":false,"template":"","format":"standard","meta":{"footnotes":""},"categories":[18],"tags":[],"class_list":["post-4172","post","type-post","status-publish","format-standard","has-post-thumbnail","hentry","category-news"],"yoast_head":"<!-- This site is optimized with the Yoast SEO plugin v27.1.1 - https:\/\/yoast.com\/product\/yoast-seo-wordpress\/ -->\n<title>Marche des Fiert\u00e9s LGBT+ 2024 - Clemence VilleChange<\/title>\n<meta name=\"description\" content=\"D\u00e9couvrez les magnifiques cr\u00e9ations de Cl\u00e9mence Villechange Paris pour tous les \u00e9v\u00e9nements : ici la Marche des Fiert\u00e9s LGBT+ 2024\" \/>\n<meta name=\"robots\" content=\"index, follow, max-snippet:-1, max-image-preview:large, max-video-preview:-1\" \/>\n<link rel=\"canonical\" href=\"https:\/\/www.clemencevillechange.com\/createur\/marche-des-fiertes-lgbt-2024\/\" \/>\n<meta property=\"og:locale\" content=\"fr_FR\" \/>\n<meta property=\"og:type\" content=\"article\" \/>\n<meta property=\"og:title\" content=\"Marche des Fiert\u00e9s LGBT+ 2024 - Clemence VilleChange\" \/>\n<meta property=\"og:description\" content=\"D\u00e9couvrez les magnifiques cr\u00e9ations de Cl\u00e9mence Villechange Paris pour tous les \u00e9v\u00e9nements : ici la Marche des Fiert\u00e9s LGBT+ 2024\" \/>\n<meta property=\"og:url\" content=\"https:\/\/www.clemencevillechange.com\/createur\/marche-des-fiertes-lgbt-2024\/\" \/>\n<meta property=\"og:site_name\" content=\"Clemence VilleChange\" \/>\n<meta property=\"article:published_time\" content=\"2024-07-03T14:49:33+00:00\" \/>\n<meta property=\"article:modified_time\" content=\"2024-07-03T15:01:41+00:00\" \/>\n<meta property=\"og:image\" content=\"https:\/\/www.clemencevillechange.com\/createur\/wp-content\/uploads\/2024\/07\/marche-fiertes-paris-2024-small.jpg\" \/>\n\t<meta property=\"og:image:width\" content=\"960\" \/>\n\t<meta property=\"og:image:height\" content=\"541\" \/>\n\t<meta property=\"og:image:type\" content=\"image\/jpeg\" \/>\n<meta name=\"author\" content=\"clemence\" \/>\n<meta name=\"twitter:card\" content=\"summary_large_image\" \/>\n<meta name=\"twitter:label1\" content=\"\u00c9crit par\" \/>\n\t<meta name=\"twitter:data1\" content=\"clemence\" \/>\n\t<meta name=\"twitter:label2\" content=\"Dur\u00e9e de lecture estim\u00e9e\" \/>\n\t<meta name=\"twitter:data2\" content=\"4 minutes\" \/>\n<script type=\"application\/ld+json\" class=\"yoast-schema-graph\">{\"@context\":\"https:\/\/schema.org\",\"@graph\":[{\"@type\":\"Article\",\"@id\":\"https:\/\/www.clemencevillechange.com\/createur\/marche-des-fiertes-lgbt-2024\/#article\",\"isPartOf\":{\"@id\":\"https:\/\/www.clemencevillechange.com\/createur\/marche-des-fiertes-lgbt-2024\/\"},\"author\":{\"name\":\"clemence\",\"@id\":\"https:\/\/www.clemencevillechange.com\/createur\/#\/schema\/person\/f5ea3f63ef6ac8765e4588d4259a7fcc\"},\"headline\":\"Marche des Fiert\u00e9s LGBT+ 2024\",\"datePublished\":\"2024-07-03T14:49:33+00:00\",\"dateModified\":\"2024-07-03T15:01:41+00:00\",\"mainEntityOfPage\":{\"@id\":\"https:\/\/www.clemencevillechange.com\/createur\/marche-des-fiertes-lgbt-2024\/\"},\"wordCount\":581,\"image\":{\"@id\":\"https:\/\/www.clemencevillechange.com\/createur\/marche-des-fiertes-lgbt-2024\/#primaryimage\"},\"thumbnailUrl\":\"https:\/\/www.clemencevillechange.com\/createur\/wp-content\/uploads\/2024\/07\/marche-fiertes-paris-2024-small.jpg\",\"articleSection\":[\"News\"],\"inLanguage\":\"fr-FR\"},{\"@type\":\"WebPage\",\"@id\":\"https:\/\/www.clemencevillechange.com\/createur\/marche-des-fiertes-lgbt-2024\/\",\"url\":\"https:\/\/www.clemencevillechange.com\/createur\/marche-des-fiertes-lgbt-2024\/\",\"name\":\"Marche des Fiert\u00e9s LGBT+ 2024 - Clemence VilleChange\",\"isPartOf\":{\"@id\":\"https:\/\/www.clemencevillechange.com\/createur\/#website\"},\"primaryImageOfPage\":{\"@id\":\"https:\/\/www.clemencevillechange.com\/createur\/marche-des-fiertes-lgbt-2024\/#primaryimage\"},\"image\":{\"@id\":\"https:\/\/www.clemencevillechange.com\/createur\/marche-des-fiertes-lgbt-2024\/#primaryimage\"},\"thumbnailUrl\":\"https:\/\/www.clemencevillechange.com\/createur\/wp-content\/uploads\/2024\/07\/marche-fiertes-paris-2024-small.jpg\",\"datePublished\":\"2024-07-03T14:49:33+00:00\",\"dateModified\":\"2024-07-03T15:01:41+00:00\",\"author\":{\"@id\":\"https:\/\/www.clemencevillechange.com\/createur\/#\/schema\/person\/f5ea3f63ef6ac8765e4588d4259a7fcc\"},\"description\":\"D\u00e9couvrez les magnifiques cr\u00e9ations de Cl\u00e9mence Villechange Paris pour tous les \u00e9v\u00e9nements : ici la Marche des Fiert\u00e9s LGBT+ 2024\",\"breadcrumb\":{\"@id\":\"https:\/\/www.clemencevillechange.com\/createur\/marche-des-fiertes-lgbt-2024\/#breadcrumb\"},\"inLanguage\":\"fr-FR\",\"potentialAction\":[{\"@type\":\"ReadAction\",\"target\":[\"https:\/\/www.clemencevillechange.com\/createur\/marche-des-fiertes-lgbt-2024\/\"]}]},{\"@type\":\"ImageObject\",\"inLanguage\":\"fr-FR\",\"@id\":\"https:\/\/www.clemencevillechange.com\/createur\/marche-des-fiertes-lgbt-2024\/#primaryimage\",\"url\":\"https:\/\/www.clemencevillechange.com\/createur\/wp-content\/uploads\/2024\/07\/marche-fiertes-paris-2024-small.jpg\",\"contentUrl\":\"https:\/\/www.clemencevillechange.com\/createur\/wp-content\/uploads\/2024\/07\/marche-fiertes-paris-2024-small.jpg\",\"width\":960,\"height\":541},{\"@type\":\"BreadcrumbList\",\"@id\":\"https:\/\/www.clemencevillechange.com\/createur\/marche-des-fiertes-lgbt-2024\/#breadcrumb\",\"itemListElement\":[{\"@type\":\"ListItem\",\"position\":1,\"name\":\"Accueil\",\"item\":\"https:\/\/www.clemencevillechange.com\/createur\/\"},{\"@type\":\"ListItem\",\"position\":2,\"name\":\"News\",\"item\":\"https:\/\/www.clemencevillechange.com\/createur\/category\/news\/\"},{\"@type\":\"ListItem\",\"position\":3,\"name\":\"Marche des Fiert\u00e9s LGBT+ 2024\"}]},{\"@type\":\"WebSite\",\"@id\":\"https:\/\/www.clemencevillechange.com\/createur\/#website\",\"url\":\"https:\/\/www.clemencevillechange.com\/createur\/\",\"name\":\"Clemence VilleChange\",\"description\":\"Bijoux Corporels &amp; Coiffes\",\"potentialAction\":[{\"@type\":\"SearchAction\",\"target\":{\"@type\":\"EntryPoint\",\"urlTemplate\":\"https:\/\/www.clemencevillechange.com\/createur\/?s={search_term_string}\"},\"query-input\":{\"@type\":\"PropertyValueSpecification\",\"valueRequired\":true,\"valueName\":\"search_term_string\"}}],\"inLanguage\":\"fr-FR\"},{\"@type\":\"Person\",\"@id\":\"https:\/\/www.clemencevillechange.com\/createur\/#\/schema\/person\/f5ea3f63ef6ac8765e4588d4259a7fcc\",\"name\":\"clemence\",\"image\":{\"@type\":\"ImageObject\",\"inLanguage\":\"fr-FR\",\"@id\":\"https:\/\/www.clemencevillechange.com\/createur\/#\/schema\/person\/image\/\",\"url\":\"https:\/\/secure.gravatar.com\/avatar\/a08e0d53111ed60a89438bf683e4e01a6a49cc726051116d88b839629c0676ad?s=96&d=mm&r=g\",\"contentUrl\":\"https:\/\/secure.gravatar.com\/avatar\/a08e0d53111ed60a89438bf683e4e01a6a49cc726051116d88b839629c0676ad?s=96&d=mm&r=g\",\"caption\":\"clemence\"},\"url\":\"https:\/\/www.clemencevillechange.com\/createur\/author\/clemence\/\"}]}<\/script>\n<!-- \/ Yoast SEO plugin. -->","yoast_head_json":{"title":"Marche des Fiert\u00e9s LGBT+ 2024 - Clemence VilleChange","description":"D\u00e9couvrez les magnifiques cr\u00e9ations de Cl\u00e9mence Villechange Paris pour tous les \u00e9v\u00e9nements : ici la Marche des Fiert\u00e9s LGBT+ 2024","robots":{"index":"index","follow":"follow","max-snippet":"max-snippet:-1","max-image-preview":"max-image-preview:large","max-video-preview":"max-video-preview:-1"},"canonical":"https:\/\/www.clemencevillechange.com\/createur\/marche-des-fiertes-lgbt-2024\/","og_locale":"fr_FR","og_type":"article","og_title":"Marche des Fiert\u00e9s LGBT+ 2024 - Clemence VilleChange","og_description":"D\u00e9couvrez les magnifiques cr\u00e9ations de Cl\u00e9mence Villechange Paris pour tous les \u00e9v\u00e9nements : ici la Marche des Fiert\u00e9s LGBT+ 2024","og_url":"https:\/\/www.clemencevillechange.com\/createur\/marche-des-fiertes-lgbt-2024\/","og_site_name":"Clemence VilleChange","article_published_time":"2024-07-03T14:49:33+00:00","article_modified_time":"2024-07-03T15:01:41+00:00","og_image":[{"width":960,"height":541,"url":"https:\/\/www.clemencevillechange.com\/createur\/wp-content\/uploads\/2024\/07\/marche-fiertes-paris-2024-small.jpg","type":"image\/jpeg"}],"author":"clemence","twitter_card":"summary_large_image","twitter_misc":{"\u00c9crit par":"clemence","Dur\u00e9e de lecture estim\u00e9e":"4 minutes"},"schema":{"@context":"https:\/\/schema.org","@graph":[{"@type":"Article","@id":"https:\/\/www.clemencevillechange.com\/createur\/marche-des-fiertes-lgbt-2024\/#article","isPartOf":{"@id":"https:\/\/www.clemencevillechange.com\/createur\/marche-des-fiertes-lgbt-2024\/"},"author":{"name":"clemence","@id":"https:\/\/www.clemencevillechange.com\/createur\/#\/schema\/person\/f5ea3f63ef6ac8765e4588d4259a7fcc"},"headline":"Marche des Fiert\u00e9s LGBT+ 2024","datePublished":"2024-07-03T14:49:33+00:00","dateModified":"2024-07-03T15:01:41+00:00","mainEntityOfPage":{"@id":"https:\/\/www.clemencevillechange.com\/createur\/marche-des-fiertes-lgbt-2024\/"},"wordCount":581,"image":{"@id":"https:\/\/www.clemencevillechange.com\/createur\/marche-des-fiertes-lgbt-2024\/#primaryimage"},"thumbnailUrl":"https:\/\/www.clemencevillechange.com\/createur\/wp-content\/uploads\/2024\/07\/marche-fiertes-paris-2024-small.jpg","articleSection":["News"],"inLanguage":"fr-FR"},{"@type":"WebPage","@id":"https:\/\/www.clemencevillechange.com\/createur\/marche-des-fiertes-lgbt-2024\/","url":"https:\/\/www.clemencevillechange.com\/createur\/marche-des-fiertes-lgbt-2024\/","name":"Marche des Fiert\u00e9s LGBT+ 2024 - Clemence VilleChange","isPartOf":{"@id":"https:\/\/www.clemencevillechange.com\/createur\/#website"},"primaryImageOfPage":{"@id":"https:\/\/www.clemencevillechange.com\/createur\/marche-des-fiertes-lgbt-2024\/#primaryimage"},"image":{"@id":"https:\/\/www.clemencevillechange.com\/createur\/marche-des-fiertes-lgbt-2024\/#primaryimage"},"thumbnailUrl":"https:\/\/www.clemencevillechange.com\/createur\/wp-content\/uploads\/2024\/07\/marche-fiertes-paris-2024-small.jpg","datePublished":"2024-07-03T14:49:33+00:00","dateModified":"2024-07-03T15:01:41+00:00","author":{"@id":"https:\/\/www.clemencevillechange.com\/createur\/#\/schema\/person\/f5ea3f63ef6ac8765e4588d4259a7fcc"},"description":"D\u00e9couvrez les magnifiques cr\u00e9ations de Cl\u00e9mence Villechange Paris pour tous les \u00e9v\u00e9nements : ici la Marche des Fiert\u00e9s LGBT+ 2024","breadcrumb":{"@id":"https:\/\/www.clemencevillechange.com\/createur\/marche-des-fiertes-lgbt-2024\/#breadcrumb"},"inLanguage":"fr-FR","potentialAction":[{"@type":"ReadAction","target":["https:\/\/www.clemencevillechange.com\/createur\/marche-des-fiertes-lgbt-2024\/"]}]},{"@type":"ImageObject","inLanguage":"fr-FR","@id":"https:\/\/www.clemencevillechange.com\/createur\/marche-des-fiertes-lgbt-2024\/#primaryimage","url":"https:\/\/www.clemencevillechange.com\/createur\/wp-content\/uploads\/2024\/07\/marche-fiertes-paris-2024-small.jpg","contentUrl":"https:\/\/www.clemencevillechange.com\/createur\/wp-content\/uploads\/2024\/07\/marche-fiertes-paris-2024-small.jpg","width":960,"height":541},{"@type":"BreadcrumbList","@id":"https:\/\/www.clemencevillechange.com\/createur\/marche-des-fiertes-lgbt-2024\/#breadcrumb","itemListElement":[{"@type":"ListItem","position":1,"name":"Accueil","item":"https:\/\/www.clemencevillechange.com\/createur\/"},{"@type":"ListItem","position":2,"name":"News","item":"https:\/\/www.clemencevillechange.com\/createur\/category\/news\/"},{"@type":"ListItem","position":3,"name":"Marche des Fiert\u00e9s LGBT+ 2024"}]},{"@type":"WebSite","@id":"https:\/\/www.clemencevillechange.com\/createur\/#website","url":"https:\/\/www.clemencevillechange.com\/createur\/","name":"Clemence VilleChange","description":"Bijoux Corporels &amp; Coiffes","potentialAction":[{"@type":"SearchAction","target":{"@type":"EntryPoint","urlTemplate":"https:\/\/www.clemencevillechange.com\/createur\/?s={search_term_string}"},"query-input":{"@type":"PropertyValueSpecification","valueRequired":true,"valueName":"search_term_string"}}],"inLanguage":"fr-FR"},{"@type":"Person","@id":"https:\/\/www.clemencevillechange.com\/createur\/#\/schema\/person\/f5ea3f63ef6ac8765e4588d4259a7fcc","name":"clemence","image":{"@type":"ImageObject","inLanguage":"fr-FR","@id":"https:\/\/www.clemencevillechange.com\/createur\/#\/schema\/person\/image\/","url":"https:\/\/secure.gravatar.com\/avatar\/a08e0d53111ed60a89438bf683e4e01a6a49cc726051116d88b839629c0676ad?s=96&d=mm&r=g","contentUrl":"https:\/\/secure.gravatar.com\/avatar\/a08e0d53111ed60a89438bf683e4e01a6a49cc726051116d88b839629c0676ad?s=96&d=mm&r=g","caption":"clemence"},"url":"https:\/\/www.clemencevillechange.com\/createur\/author\/clemence\/"}]}},"_links":{"self":[{"href":"https:\/\/www.clemencevillechange.com\/createur\/wp-json\/wp\/v2\/posts\/4172","targetHints":{"allow":["GET"]}}],"collection":[{"href":"https:\/\/www.clemencevillechange.com\/createur\/wp-json\/wp\/v2\/posts"}],"about":[{"href":"https:\/\/www.clemencevillechange.com\/createur\/wp-json\/wp\/v2\/types\/post"}],"author":[{"embeddable":true,"href":"https:\/\/www.clemencevillechange.com\/createur\/wp-json\/wp\/v2\/users\/1"}],"replies":[{"embeddable":true,"href":"https:\/\/www.clemencevillechange.com\/createur\/wp-json\/wp\/v2\/comments?post=4172"}],"version-history":[{"count":38,"href":"https:\/\/www.clemencevillechange.com\/createur\/wp-json\/wp\/v2\/posts\/4172\/revisions"}],"predecessor-version":[{"id":4218,"href":"https:\/\/www.clemencevillechange.com\/createur\/wp-json\/wp\/v2\/posts\/4172\/revisions\/4218"}],"wp:featuredmedia":[{"embeddable":true,"href":"https:\/\/www.clemencevillechange.com\/createur\/wp-json\/wp\/v2\/media\/4173"}],"wp:attachment":[{"href":"https:\/\/www.clemencevillechange.com\/createur\/wp-json\/wp\/v2\/media?parent=4172"}],"wp:term":[{"taxonomy":"category","embeddable":true,"href":"https:\/\/www.clemencevillechange.com\/createur\/wp-json\/wp\/v2\/categories?post=4172"},{"taxonomy":"post_tag","embeddable":true,"href":"https:\/\/www.clemencevillechange.com\/createur\/wp-json\/wp\/v2\/tags?post=4172"}],"curies":[{"name":"wp","href":"https:\/\/api.w.org\/{rel}","templated":true}]}}